{"id":33218,"date":"2026-04-27T15:46:29","date_gmt":"2026-04-27T13:46:29","guid":{"rendered":"https:\/\/www.colegionotarial.org\/el-colegio-notarial-de-cataluna-entrega-el-premio-elias-campo-villegas-a-los-mejores-articulos-doctrinales-y-periodisticos-sobre-masc\/"},"modified":"2026-04-27T15:53:59","modified_gmt":"2026-04-27T13:53:59","slug":"el-colegio-notarial-de-cataluna-entrega-el-premio-elias-campo-villegas-a-los-mejores-articulos-doctrinales-y-periodisticos-sobre-masc","status":"publish","type":"post","link":"https:\/\/www.colegionotarial.org\/ca\/el-colegio-notarial-de-cataluna-entrega-el-premio-elias-campo-villegas-a-los-mejores-articulos-doctrinales-y-periodisticos-sobre-masc\/","title":{"rendered":"El Col\u00b7legi Notarial de Catalunya lliura el Premi El\u00edas Campo Villegas als millors articles doctrinals i period\u00edstics sobre MASC"},"content":{"rendered":"\n<ul class=\"wp-block-list\">\n<li><strong>El premi doctrinal s\u2019ha concedit <em>ex aequo<\/em> a Vicente P\u00e9rez Daud\u00ed, catedr\u00e0tic de Dret Processal de la Universitat de Barcelona, i a Aura Esther Vilalta i Marian Gili, catedr\u00e0tica i professora agregada de Dret Civil de la Universitat Oberta de Catalunya, respectivament<\/strong><\/li>\n<\/ul>\n\n\n\n<ul class=\"wp-block-list\">\n<li><strong>En <\/strong><strong>la categoria period\u00edstica, han estat premiats els alumnes de la 2a edici\u00f3 del M\u00e0ster en Mediaci\u00f3 Immobili\u00e0ria, organitzat pel Colegio de Agentes de la Propiedad Inmobiliaria de Barcelona<\/strong><\/li>\n<\/ul>\n\n\n\n<ul class=\"wp-block-list\">\n<li><strong>Co<\/strong><strong>m a novetat, s\u2019ha atorgat el Premi El\u00edas Campo Villegas a la traject\u00f2ria a l\u2019exmagistrat Pascual Ortu\u00f1o<\/strong><\/li>\n<\/ul>\n\n\n\n<ul class=\"wp-block-list\">\n<li><strong>D<\/strong><strong>urant l\u2019acte, que ha estat presidit per F\u00e9lix Bola\u00f1os, ministre de la Presid\u00e8ncia, Just\u00edcia i Relacions amb les Corts, ha tingut lloc el lliurament de les Creus de Sant Raimon de Penyafort a set notaris catalans<\/strong><\/li>\n<\/ul>\n\n\n\n<p>El Col\u00b7legi Notarial de Catalunya ha celebrat avui la tercera edici\u00f3 del Premi El\u00edas Campo Villegas, un reconeixement als millors articles jur\u00eddics i period\u00edstics que promouen els m\u00e8todes alternatius de resoluci\u00f3 de conflictes (MASC), com la mediaci\u00f3, la conciliaci\u00f3 i l\u2019arbitratge. L\u2019acte, que ha estat presidit per F\u00e9lix Bola\u00f1os, ministre de la Presid\u00e8ncia, Just\u00edcia i Relacions amb les Corts, ha reunit nombroses autoritats, representants institucionals i professionals de l\u2019\u00e0mbit jur\u00eddic.<\/p>\n\n\n\n<p>En aquesta tercera edici\u00f3, el premi doctrinal \u2014que reconeix el millor assaig jur\u00eddic publicat en revistes impreses o digitals\u2014 s\u2019ha concedit <em>ex aequo<\/em> a dos treballs. D\u2019una banda, a Vicente P\u00e9rez Daud\u00ed, catedr\u00e0tic de Dret Processal de la Universitat de Barcelona, per l\u2019article \u201cLos MASC como requisito de procedibilidad: naturaleza jur\u00eddica y su posible subsanaci\u00f3n\u201d, publicat en el n\u00famero 1-2025 de la revista \u201cJusticia\u201d. D\u2019altra banda, han estat premiades les doctores en Dret Aura Esther Vilalta i Marian Gili, pel seu assaig \u201cAI-driven alternative and online dispute resolution in the European Union: An analysis of legal framework and proposed categorization\u201d, publicat en el n\u00famero 57 de la revista \u201cComputer Law &amp; Security Review\u201d, l\u2019any 2025.<\/p>\n\n\n\n<p>En la categoria period\u00edstica \u2014que distingeix el millor article en premsa escrita o en l\u00ednia, o treball period\u00edstic publicat en altres formats digitals\u2014 ha estat premiat el Treball Final de M\u00e0ster d\u2019un grup d\u2019alumnes de la 2a edici\u00f3 del M\u00e0ster en Mediaci\u00f3 Immobili\u00e0ria, organitzat pel Col\u00b7legi d\u2019Agents de la Propietat Immobili\u00e0ria de Barcelona.<\/p>\n\n\n\n<p>Els escrits guanyadors es publicaran a la revista corporativa del Col\u00b7legi, <em>La Notaria<\/em>. Aix\u00ed mateix, el premi t\u00e9 una dotaci\u00f3 econ\u00f2mica de 2.000 \u20ac per a cadascuna de les categories.<\/p>\n\n\n\n<p>Amb aquest guard\u00f3, el Col\u00b7legi Notarial de Catalunya reafirma el seu comprom\u00eds amb la promoci\u00f3 dels diferents m\u00e8todes alternatius de resoluci\u00f3 de conflictes, posant en valor la contribuci\u00f3 dels professionals premiats a la divulgaci\u00f3 i promoci\u00f3 d\u2019aquests.<\/p>\n\n\n\n<p><strong>Jos\u00e9 Alberto Mar\u00edn, deg\u00e0 del Col\u00b7legi Notarial de Catalunya,<\/strong> ha assenyalat que \u201cel Notariat en si \u00e9s el millor MASC. De fet, \u00e9s el MAPC, el mitj\u00e0 adequat de prevenci\u00f3 de controv\u00e8rsies\u201d. Tamb\u00e9 ha destacat que \u201cels notaris, directament, mitjan\u00e7ant la seva immediaci\u00f3 en les operacions, detecten la concurr\u00e8ncia d\u2019indicadors de risc. L\u2019\u00d2rgan Centralitzat de Prevenci\u00f3 del Blanqueig de Capitals (OCP) pentina permanentment la base de dades amb algoritmes que es van renovant en funci\u00f3 dels patrons d\u2019actuaci\u00f3 dels delinq\u00fcents, amb resultats espectaculars, especialment en entramats societaris.\u201d<\/p>\n\n\n\n<p>Per la seva banda, <strong>F\u00e9lix Bola\u00f1os, ministre de la Presid\u00e8ncia, Just\u00edcia i Relacions amb les Corts<\/strong>, ha destacat en la seva intervenci\u00f3 l\u2019impacte de la Llei d\u2019efici\u00e8ncia en el seu primer any de vig\u00e8ncia: gr\u00e0cies als MASC, s\u2019ha redu\u00eft la litigiositat civil en un 20,4%. \u201cAix\u00f2 es tradueix en m\u00e9s temps per als jutges perqu\u00e8 el puguin destinar a resoldre conflictes que s\u00ed requereixen arribar als tribunals, cosa que beneficia l\u2019inter\u00e8s general.\u201d<\/p>\n\n\n\n<p>Com a novetat de la tercera edici\u00f3 del guard\u00f3, en aquesta ocasi\u00f3 el Col\u00b7legi ha atorgat tamb\u00e9 el Premi El\u00edas Campo Villegas a la traject\u00f2ria a l\u2019ex magistrat Pascual Ortu\u00f1o, en reconeixement al seu impuls pioner dels m\u00e8todes alternatius de soluci\u00f3 de conflictes. Des de la seva etapa de jutge de fam\u00edlia i, posteriorment, com a magistrat de la secci\u00f3 de l\u2019Audi\u00e8ncia Provincial de Lleida, Ortu\u00f1o ha estat pioner en l\u2019\u00fas dels MASC en l\u2019\u00e0mbit jur\u00eddic.<br><br><strong>El Ministeri de Just\u00edcia lliura les Creus de Sant Raimon de Penyafort<br>a set notaris de Catalunya<\/strong><strong><\/strong><\/p>\n\n\n\n<p>En el marc de l\u2019acte, el ministre de la Presid\u00e8ncia, Just\u00edcia i Relacions amb les Corts, F\u00e9lix Bola\u00f1os, va fer lliurament a set notaris de Catalunya de les Creus de Sant Raimon de Penyafort, m\u00e0xima condecoraci\u00f3 civil concedida pel Ministeri de Just\u00edcia.<\/p>\n\n\n\n<p>Aquesta distinci\u00f3, creada per Reial decret el 23 de gener de 1944, coincidint amb la festivitat de Sant Raimon de Penyafort, patr\u00f3 dels juristes, reconeix professionals de l\u2019\u00e0mbit jur\u00eddic pels seus serveis prestats a l\u2019Administraci\u00f3 de Just\u00edcia, la seva aportaci\u00f3 a la comunitat jur\u00eddica i la seva vocaci\u00f3 de servei p\u00fablic.<\/p>\n\n\n\n<p>Els notaris que han rebut aquesta distinci\u00f3 han estat: Luc\u00eda Pilar Gil, not\u00e0ria de Barcelona; Ram\u00f3n Garc\u00eda-Torrent, notari de Barcelona; Almudena Castro-Girona, not\u00e0ria de Castellbisbal; Mar\u00eda Teresa Mart\u00edn, not\u00e0ria de Castell d\u2019Aro, Platja d\u2019Aro i s\u2019Agar\u00f3; Raquel Iglesias, vicedegana del Col\u00b7legi; i Joan Carles Oll\u00e9, exdeg\u00e0 del Col\u00b7legi. Jos\u00e9 Marque\u00f1o de Llano, Gran Creu.<br><br><\/p>\n","protected":false},"excerpt":{"rendered":"<p>El Col\u00b7legi Notarial de Catalunya ha celebrat avui la tercera edici\u00f3 del Premi El\u00edas Campo Villegas, un reconeixement als millors articles jur\u00eddics i period\u00edstics que promouen els m\u00e8todes alternatius de [&hellip;]<\/p>\n","protected":false},"author":3,"featured_media":33223,"comment_status":"closed","ping_status":"closed","sticky":false,"template":"","format":"standard","meta":{"_acf_changed":false,"_et_pb_use_builder":"off","_et_pb_old_content":"","_et_gb_content_width":"","ngg_post_thumbnail":0,"_price":"","_stock":"","_tribe_ticket_header":"","_tribe_default_ticket_provider":"","_tribe_ticket_capacity":"0","_ticket_start_date":"","_ticket_end_date":"","_tribe_ticket_show_description":"","_tribe_ticket_show_not_going":false,"_tribe_ticket_use_global_stock":"","_tribe_ticket_global_stock_level":"","_global_stock_mode":"","_global_stock_cap":"","_tribe_rsvp_for_event":"","_tribe_ticket_going_count":"","_tribe_ticket_not_going_count":"","_tribe_tickets_list":"[]","_tribe_ticket_has_attendee_info_fields":false,"footnotes":"","_tec_slr_enabled":"","_tec_slr_layout":""},"categories":[153,140,60,74],"tags":[],"class_list":["post-33218","post","type-post","status-publish","format-standard","has-post-thumbnail","hentry","category-2026-2-ca","category-destacat","category-noticies","category-premis-i-reconeixements"],"acf":[],"ticketed":false,"_links":{"self":[{"href":"https:\/\/www.colegionotarial.org\/ca\/wp-json\/wp\/v2\/posts\/33218","targetHints":{"allow":["GET"]}}],"collection":[{"href":"https:\/\/www.colegionotarial.org\/ca\/wp-json\/wp\/v2\/posts"}],"about":[{"href":"https:\/\/www.colegionotarial.org\/ca\/wp-json\/wp\/v2\/types\/post"}],"author":[{"embeddable":true,"href":"https:\/\/www.colegionotarial.org\/ca\/wp-json\/wp\/v2\/users\/3"}],"replies":[{"embeddable":true,"href":"https:\/\/www.colegionotarial.org\/ca\/wp-json\/wp\/v2\/comments?post=33218"}],"version-history":[{"count":1,"href":"https:\/\/www.colegionotarial.org\/ca\/wp-json\/wp\/v2\/posts\/33218\/revisions"}],"predecessor-version":[{"id":33221,"href":"https:\/\/www.colegionotarial.org\/ca\/wp-json\/wp\/v2\/posts\/33218\/revisions\/33221"}],"wp:featuredmedia":[{"embeddable":true,"href":"https:\/\/www.colegionotarial.org\/ca\/wp-json\/wp\/v2\/media\/33223"}],"wp:attachment":[{"href":"https:\/\/www.colegionotarial.org\/ca\/wp-json\/wp\/v2\/media?parent=33218"}],"wp:term":[{"taxonomy":"category","embeddable":true,"href":"https:\/\/www.colegionotarial.org\/ca\/wp-json\/wp\/v2\/categories?post=33218"},{"taxonomy":"post_tag","embeddable":true,"href":"https:\/\/www.colegionotarial.org\/ca\/wp-json\/wp\/v2\/tags?post=33218"}],"curies":[{"name":"wp","href":"https:\/\/api.w.org\/{rel}","templated":true}]}}